{"id":965,"date":"2026-04-29T22:02:54","date_gmt":"2026-04-29T20:02:54","guid":{"rendered":"https:\/\/gruene-porta-westfalica.de\/?p=965"},"modified":"2026-04-29T22:02:55","modified_gmt":"2026-04-29T20:02:55","slug":"existenz-und-wirksamkeit-eines-koordinationskonzepts-fuer-strassensperrungen","status":"publish","type":"post","link":"https:\/\/gruene-porta-westfalica.de\/?p=965","title":{"rendered":"Existenz und Wirksamkeit eines Koordinationskonzepts f\u00fcr Stra\u00dfensperrungen"},"content":{"rendered":"\n<p>Besteht in der Stadt bereits ein verbindliches Konzept, das die zeitliche Abstimmung von Stra\u00dfensperrungen in r\u00e4umlich benachbarten Arbeitsbereichen regelt (z.\u202fB. Sperrungen f\u00fcr den Radweg\u2011Ausbau in Kirchsiek, die Erweiterung des Bushaltestellenbereichs in Schalksburg, die geplante Sperrung des Weserauentunnels und zus\u00e4tzliche m\u00f6gliche Lastf\u00e4lle durch Autobahn\u2011Umleitungen)?<\/p>\n\n\n\n<p>Falls ein solches Konzept bislang nicht existiert, bitten wir um die Anordnung, ein entsprechendes Planungskonzept zu erarbeiten, das eine gleichzeitige Sperrung benachbarter Stra\u00dfen bei Bauma\u00dfnahmen, die voneinander unabh\u00e4ngig sind, ausschlie\u00dft.<\/p>\n\n\n\n<p>Sollte ein Konzept bereits vorhanden sein, erl\u00e4utern Sie bitte, warum trotz dessen die genannten Stra\u00dfensperrungen zeitgleich stattfinden und welche Anpassungen erforderlich sind, um k\u00fcnftig eine solche \u00dcberschneidung zu verhindern.<\/p>\n\n\n\n<p>gez:<\/p>\n\n\n\n<p>Sebastian Ehmke, Martin Seehafer<\/p>\n","protected":false},"excerpt":{"rendered":"<p>Besteht in der Stadt bereits ein verbindliches Konzept, das die zeitliche Abstimmung von Stra\u00dfensperrungen in r\u00e4umlich benachbarten Arbeitsbereichen regelt (z.\u202fB. Sperrungen f\u00fcr den Radweg\u2011Ausbau in Kirchsiek, die Erweiterung des Bushaltestellenbereichs [&hellip;]<\/p>\n","protected":false},"author":-1,"featured_media":396,"comment_status":"open","ping_status":"open","sticky":false,"template":"","format":"standard","meta":{"footnotes":""},"categories":[2],"tags":[],"class_list":["post-965","post","type-post","status-publish","format-standard","has-post-thumbnail","hentry","category-antraege"],"_links":{"self":[{"href":"https:\/\/gruene-porta-westfalica.de\/index.php?rest_route=\/wp\/v2\/posts\/965","targetHints":{"allow":["GET"]}}],"collection":[{"href":"https:\/\/gruene-porta-westfalica.de\/index.php?rest_route=\/wp\/v2\/posts"}],"about":[{"href":"https:\/\/gruene-porta-westfalica.de\/index.php?rest_route=\/wp\/v2\/types\/post"}],"author":[{"embeddable":true,"href":"https:\/\/gruene-porta-westfalica.de\/index.php?rest_route=\/wp\/v2\/users\/3"}],"replies":[{"embeddable":true,"href":"https:\/\/gruene-porta-westfalica.de\/index.php?rest_route=%2Fwp%2Fv2%2Fcomments&post=965"}],"version-history":[{"count":1,"href":"https:\/\/gruene-porta-westfalica.de\/index.php?rest_route=\/wp\/v2\/posts\/965\/revisions"}],"predecessor-version":[{"id":966,"href":"https:\/\/gruene-porta-westfalica.de\/index.php?rest_route=\/wp\/v2\/posts\/965\/revisions\/966"}],"wp:featuredmedia":[{"embeddable":true,"href":"https:\/\/gruene-porta-westfalica.de\/index.php?rest_route=\/wp\/v2\/media\/396"}],"wp:attachment":[{"href":"https:\/\/gruene-porta-westfalica.de\/index.php?rest_route=%2Fwp%2Fv2%2Fmedia&parent=965"}],"wp:term":[{"taxonomy":"category","embeddable":true,"href":"https:\/\/gruene-porta-westfalica.de\/index.php?rest_route=%2Fwp%2Fv2%2Fcategories&post=965"},{"taxonomy":"post_tag","embeddable":true,"href":"https:\/\/gruene-porta-westfalica.de\/index.php?rest_route=%2Fwp%2Fv2%2Ftags&post=965"}],"curies":[{"name":"wp","href":"https:\/\/api.w.org\/{rel}","templated":true}]}}