{"id":759,"date":"2025-11-11T21:25:54","date_gmt":"2025-11-11T20:25:54","guid":{"rendered":"https:\/\/gruene-porta-westfalica.de\/?p=759"},"modified":"2025-11-11T21:25:54","modified_gmt":"2025-11-11T20:25:54","slug":"afd-uebernimmt-vorsitz-im-bildungsausschuss","status":"publish","type":"post","link":"https:\/\/gruene-porta-westfalica.de\/?p=759","title":{"rendered":"AfD \u00fcbernimmt Vorsitz im Bildungsausschuss"},"content":{"rendered":"\n<h3 class=\"wp-block-heading\"><\/h3>\n\n\n\n<p>Bei der konstituierenden Ratssitzung am 10. November wurde unter anderem \u00fcber die neuen Ausschussvorsitze entschieden. Unser Ziel war es, zu verhindern, dass die AfD den Vorsitz im Bildungsausschuss erh\u00e4lt. Daf\u00fcr haben wir uns mit der LINKEN und der WP zu einer Listenverbindung zusammengeschlossen.<\/p>\n\n\n\n<p>Da die Listenverbindung und die AfD bei der Vergabe der Ausschussvorsitze gleichauf lagen, musste \u00fcber den Vorsitz des dritten Ausschusses gelost werden, nachdem sich CDU und SPD zuvor f\u00fcr die Vorsitze im Bauausschuss und im Planungsausschuss entschieden. Das Los fiel zugunsten der AfD, die nun den Vorsitz im Bildungsausschuss \u00fcbernimmt.<\/p>\n\n\n\n<p>\u201eWir bedauern sehr, dass ausgerechnet der Bildungsausschuss nun von der AfD gef\u00fchrt wird\u201c, erkl\u00e4rt Sandra Kiskemper, Vorstandssprecherin der Gr\u00fcnen Porta Westfalica. \u201eGerade dieser Ausschuss tr\u00e4gt Verantwortung f\u00fcr Themen, die den Zusammenhalt in unserer Stadt pr\u00e4gen \u2013 von Schulen \u00fcber Soziales bis zur Integration. Diese Verantwortung geh\u00f6rt in demokratische H\u00e4nde.\u201c<\/p>\n\n\n\n<p>Wir haben im Vorfeld bereits eine partei\u00fcbergreifende Vereinbarung nicht mehr mitgetragen, weil diese der AfD den Vorsitz im Bildungsausschuss erm\u00f6glicht h\u00e4tte. Damit haben wir bewusst eigene Sitze riskiert, um zu verhindern, dass eine Partei zus\u00e4tzliche Verantwortung in der kommunalen Bildungs- und Sozialpolitik erh\u00e4lt, die laut Einsch\u00e4tzung des Verfassungsschutzes in mehreren Bundesl\u00e4ndern als gesichert rechtsextrem gilt und bundesweit als Verdachtsfall beobachtet wird.<\/p>\n\n\n\n<p>In zahlreichen St\u00e4dten und Gemeinden Nordrhein-Westfalens haben sich demokratische Parteien zusammengeschlossen, um rechtsextremen Kr\u00e4ften keine zus\u00e4tzlichen Plattformen zu bieten. Auch in Porta Westfalica h\u00e4tten wir uns eine breitere Unterst\u00fctzung der demokratischen Fraktionen gew\u00fcnscht. <\/p>\n","protected":false},"excerpt":{"rendered":"<p>Bei der konstituierenden Ratssitzung am 10. November wurde unter anderem \u00fcber die neuen Ausschussvorsitze entschieden. Unser Ziel war es, zu verhindern, dass die AfD den Vorsitz im Bildungsausschuss erh\u00e4lt. Daf\u00fcr [&hellip;]<\/p>\n","protected":false},"author":-1,"featured_media":780,"comment_status":"open","ping_status":"open","sticky":false,"template":"","format":"standard","meta":{"footnotes":""},"categories":[1],"tags":[],"class_list":["post-759","post","type-post","status-publish","format-standard","has-post-thumbnail","hentry","category-allgemein"],"_links":{"self":[{"href":"https:\/\/gruene-porta-westfalica.de\/index.php?rest_route=\/wp\/v2\/posts\/759","targetHints":{"allow":["GET"]}}],"collection":[{"href":"https:\/\/gruene-porta-westfalica.de\/index.php?rest_route=\/wp\/v2\/posts"}],"about":[{"href":"https:\/\/gruene-porta-westfalica.de\/index.php?rest_route=\/wp\/v2\/types\/post"}],"author":[{"embeddable":true,"href":"https:\/\/gruene-porta-westfalica.de\/index.php?rest_route=\/wp\/v2\/users\/2"}],"replies":[{"embeddable":true,"href":"https:\/\/gruene-porta-westfalica.de\/index.php?rest_route=%2Fwp%2Fv2%2Fcomments&post=759"}],"version-history":[{"count":0,"href":"https:\/\/gruene-porta-westfalica.de\/index.php?rest_route=\/wp\/v2\/posts\/759\/revisions"}],"wp:featuredmedia":[{"embeddable":true,"href":"https:\/\/gruene-porta-westfalica.de\/index.php?rest_route=\/wp\/v2\/media\/780"}],"wp:attachment":[{"href":"https:\/\/gruene-porta-westfalica.de\/index.php?rest_route=%2Fwp%2Fv2%2Fmedia&parent=759"}],"wp:term":[{"taxonomy":"category","embeddable":true,"href":"https:\/\/gruene-porta-westfalica.de\/index.php?rest_route=%2Fwp%2Fv2%2Fcategories&post=759"},{"taxonomy":"post_tag","embeddable":true,"href":"https:\/\/gruene-porta-westfalica.de\/index.php?rest_route=%2Fwp%2Fv2%2Ftags&post=759"}],"curies":[{"name":"wp","href":"https:\/\/api.w.org\/{rel}","templated":true}]}}