{"id":314,"date":"2021-02-26T21:32:00","date_gmt":"2021-02-26T20:32:00","guid":{"rendered":"https:\/\/wordpress02.gcms.verdigado.net\/porta-westfalica\/?p=314"},"modified":"2021-02-26T21:32:00","modified_gmt":"2021-02-26T20:32:00","slug":"checkliste-merkblatt-zur-beurteilung-von-auswirkungen-auf-den-klimawandel-von-verwaltungsvorlagen","status":"publish","type":"post","link":"https:\/\/gruene-porta-westfalica.de\/?p=314","title":{"rendered":"Checkliste\/Merkblatt zur Beurteilung von Auswirkungen auf den Klimawandel von Verwaltungsvorlagen"},"content":{"rendered":"\n<p><strong>Die Fraktion B\u00fcndnis 90\/Die Gr\u00fcnen beantragt:<\/strong><br>Der Ausschuss f\u00fcr Digitalisierung und Klimaschutz der Stadt Porta Westfalica beauftragt die Stadtverwaltung, das im Anhang beigef\u00fcgte \u201eMerkblatt zur Beurteilung von Auswirkungen auf den Klimawandel von Verwaltungsvorlagen der Stadt Essen&#8220; zu pr\u00fcfen und eine vergleichbare Checkliste f\u00fcr unsere Stadt zu erstellen.<\/p>\n\n\n\n<p><br><strong>Begr\u00fcndung:<\/strong><br>Der Rat der Stadt Porta Westfalica hat am 08.07.2019 mit gro\u00dfer Mehrheit die Resolution zur Ausrufung des Klimanotstands beschlossen und gleichzeitig festgelegt, dass die Sitzungsvorlagen zuk\u00fcnftig eine Bewertung der Auswirkungen auf das Klima beinhalten m\u00fcssen.<\/p>\n\n\n\n<p><br>Die Checkliste soll die Verwaltungsmitarbeiter, die die Vorlagen schreiben, bei der Beurteilung von Auswirkungen auf den Klimawandel unterst\u00fctzen. Damit soll durch ein standardisiertes Vorgehen einerseits Arbeitszeit eingespart und gleichzeitig die Qualit\u00e4t und die Objektivit\u00e4t der Beurteilungen gesteigert werden.<\/p>\n\n\n\n<p><br>gez.<\/p>\n\n\n\n<p><br>Klaus Becker <\/p>\n\n\n\n<p>Sandra Eichhorn<\/p>\n","protected":false},"excerpt":{"rendered":"<p>Die Fraktion B\u00fcndnis 90\/Die Gr\u00fcnen beantragt:Der Ausschuss f\u00fcr Digitalisierung und Klimaschutz der Stadt Porta Westfalica beauftragt die Stadtverwaltung, das im Anhang beigef\u00fcgte \u201eMerkblatt zur Beurteilung von Auswirkungen auf den Klimawandel [&hellip;]<\/p>\n","protected":false},"author":-1,"featured_media":283,"comment_status":"open","ping_status":"open","sticky":false,"template":"","format":"standard","meta":{"footnotes":""},"categories":[2],"tags":[],"class_list":["post-314","post","type-post","status-publish","format-standard","has-post-thumbnail","hentry","category-antraege"],"_links":{"self":[{"href":"https:\/\/gruene-porta-westfalica.de\/index.php?rest_route=\/wp\/v2\/posts\/314","targetHints":{"allow":["GET"]}}],"collection":[{"href":"https:\/\/gruene-porta-westfalica.de\/index.php?rest_route=\/wp\/v2\/posts"}],"about":[{"href":"https:\/\/gruene-porta-westfalica.de\/index.php?rest_route=\/wp\/v2\/types\/post"}],"author":[{"embeddable":true,"href":"https:\/\/gruene-porta-westfalica.de\/index.php?rest_route=\/wp\/v2\/users\/2"}],"replies":[{"embeddable":true,"href":"https:\/\/gruene-porta-westfalica.de\/index.php?rest_route=%2Fwp%2Fv2%2Fcomments&post=314"}],"version-history":[{"count":0,"href":"https:\/\/gruene-porta-westfalica.de\/index.php?rest_route=\/wp\/v2\/posts\/314\/revisions"}],"wp:featuredmedia":[{"embeddable":true,"href":"https:\/\/gruene-porta-westfalica.de\/index.php?rest_route=\/wp\/v2\/media\/283"}],"wp:attachment":[{"href":"https:\/\/gruene-porta-westfalica.de\/index.php?rest_route=%2Fwp%2Fv2%2Fmedia&parent=314"}],"wp:term":[{"taxonomy":"category","embeddable":true,"href":"https:\/\/gruene-porta-westfalica.de\/index.php?rest_route=%2Fwp%2Fv2%2Fcategories&post=314"},{"taxonomy":"post_tag","embeddable":true,"href":"https:\/\/gruene-porta-westfalica.de\/index.php?rest_route=%2Fwp%2Fv2%2Ftags&post=314"}],"curies":[{"name":"wp","href":"https:\/\/api.w.org\/{rel}","templated":true}]}}